{"id":21563,"date":"2024-04-27T17:22:30","date_gmt":"2024-04-27T16:22:30","guid":{"rendered":"https:\/\/www.yvar-bregeant.com\/?p=21563"},"modified":"2026-02-14T14:34:54","modified_gmt":"2026-02-14T13:34:54","slug":"decifrando-o-afresco-do-veado-preto-no-diverticulo-axial-da-caverna-de-lascaux","status":"publish","type":"post","link":"https:\/\/www.yvar-bregeant.com\/pt-pt\/decifrando-o-afresco-do-veado-preto-no-diverticulo-axial-da-caverna-de-lascaux\/","title":{"rendered":"Decifrando o afresco do veado preto no divert\u00edculo axial da caverna de Lascaux"},"content":{"rendered":"\t\t<div data-elementor-type=\"wp-post\" data-elementor-id=\"21563\" class=\"elementor elementor-21563 elementor-21540\" data-elementor-post-type=\"post\">\n\t\t\t\t<div class=\"elementor-element elementor-element-f221fec e-flex e-con-boxed e-con e-parent\" data-id=\"f221fec\" data-element_type=\"container\" data-e-type=\"container\">\n\t\t\t\t\t<div class=\"e-con-inner\">\n\t\t\t\t<div class=\"elementor-element elementor-element-8f0f4f7 elementor-widget elementor-widget-text-editor\" data-id=\"8f0f4f7\" data-element_type=\"widget\" data-e-type=\"widget\" data-widget_type=\"text-editor.default\">\n\t\t\t\t<div class=\"elementor-widget-container\">\n\t\t\t\t\t\t\t\t\t<h3><span style=\"color: #000000;\">OBJETIVO DESTE ARTIGO<\/span><\/h3>\n<p><span style=\"color: #000000;\">Este artigo decifrar\u00e1 a figura ideogr\u00e1fica no afresco do veado negro no divert\u00edculo axial da caverna de Lascaux. Essa decifra\u00e7\u00e3o foi realizada usando a linguagem ideogr\u00e1fica proto-sumeriana e seus idiomas associados, o sum\u00e9rio e o hier\u00f3glifo (bem como o dem\u00f3tico). Este artigo \u00e9 um dos dez exemplos de decifra\u00e7\u00e3o retirados do livro &#8220;Deciphering the language of caves&#8221; (Decifrando a linguagem das cavernas), que ilustra em termos concretos o fato de que os pares de animais e sinais identificados pelos arque\u00f3logos e datados do Paleol\u00edtico Superior correspondem, na verdade, em todos os aspectos, \u00e0 linguagem ideogr\u00e1fica protossumeriana, a mais antiga linguagem ideogr\u00e1fica conhecida. <\/span><\/p>\n\t\t\t\t\t\t\t\t<\/div>\n\t\t\t\t<\/div>\n\t\t\t\t\t<\/div>\n\t\t\t\t<\/div>\n\t\t<div class=\"elementor-element elementor-element-b203218 e-flex e-con-boxed e-con e-parent\" data-id=\"b203218\" data-element_type=\"container\" data-e-type=\"container\">\n\t\t\t\t\t<div class=\"e-con-inner\">\n\t\t\t\t<div class=\"elementor-element elementor-element-37e7287 elementor-toc--minimized-on-tablet elementor-widget elementor-widget-table-of-contents\" data-id=\"37e7287\" data-element_type=\"widget\" data-e-type=\"widget\" data-settings=\"{&quot;exclude_headings_by_selector&quot;:[],&quot;headings_by_tags&quot;:[&quot;h2&quot;,&quot;h3&quot;,&quot;h4&quot;,&quot;h5&quot;,&quot;h6&quot;],&quot;marker_view&quot;:&quot;numbers&quot;,&quot;no_headings_message&quot;:&quot;No headings were found on this page.&quot;,&quot;minimize_box&quot;:&quot;yes&quot;,&quot;minimized_on&quot;:&quot;tablet&quot;,&quot;hierarchical_view&quot;:&quot;yes&quot;,&quot;min_height&quot;:{&quot;unit&quot;:&quot;px&quot;,&quot;size&quot;:&quot;&quot;,&quot;sizes&quot;:[]},&quot;min_height_tablet&quot;:{&quot;unit&quot;:&quot;px&quot;,&quot;size&quot;:&quot;&quot;,&quot;sizes&quot;:[]},&quot;min_height_mobile&quot;:{&quot;unit&quot;:&quot;px&quot;,&quot;size&quot;:&quot;&quot;,&quot;sizes&quot;:[]}}\" data-widget_type=\"table-of-contents.default\">\n\t\t\t\t<div class=\"elementor-widget-container\">\n\t\t\t\t\t\t\t\t\t<div class=\"elementor-toc__header\">\n\t\t\t\t\t\t<h4 class=\"elementor-toc__header-title\">\n\t\t\t\tTabela de conte\u00fado\t\t\t<\/h4>\n\t\t\t\t\t\t\t\t\t\t<div class=\"elementor-toc__toggle-button elementor-toc__toggle-button--expand\" role=\"button\" tabindex=\"0\" aria-controls=\"elementor-toc__37e7287\" aria-expanded=\"true\" aria-label=\"Open table of contents\"><i aria-hidden=\"true\" class=\"fas fa-chevron-down\"><\/i><\/div>\n\t\t\t\t<div class=\"elementor-toc__toggle-button elementor-toc__toggle-button--collapse\" role=\"button\" tabindex=\"0\" aria-controls=\"elementor-toc__37e7287\" aria-expanded=\"true\" aria-label=\"Close table of contents\"><i aria-hidden=\"true\" class=\"fas fa-chevron-up\"><\/i><\/div>\n\t\t\t\t\t<\/div>\n\t\t\t\t<div id=\"elementor-toc__37e7287\" class=\"elementor-toc__body\">\n\t\t\t<div class=\"elementor-toc__spinner-container\">\n\t\t\t\t<i class=\"elementor-toc__spinner eicon-animation-spin eicon-loading\" aria-hidden=\"true\"><\/i>\t\t\t<\/div>\n\t\t<\/div>\n\t\t\t\t\t\t<\/div>\n\t\t\t\t<\/div>\n\t\t\t\t\t<\/div>\n\t\t\t\t<\/div>\n\t\t<div class=\"elementor-element elementor-element-8df3bcf e-flex e-con-boxed e-con e-parent\" data-id=\"8df3bcf\" data-element_type=\"container\" data-e-type=\"container\">\n\t\t\t\t\t<div class=\"e-con-inner\">\n\t\t\t\t<div class=\"elementor-element elementor-element-cd766da elementor-widget elementor-widget-text-editor\" data-id=\"cd766da\" data-element_type=\"widget\" data-e-type=\"widget\" data-widget_type=\"text-editor.default\">\n\t\t\t\t<div class=\"elementor-widget-container\">\n\t\t\t\t\t\t\t\t\t<h3><span style=\"color: #000000;\">VINCULE ESTE ARTIGO COM TODA A S\u00c9RIE LITER\u00c1RIA &#8220;A VERDADEIRA HIST\u00d3RIA DAS RELIGI\u00d5ES DA HUMANIDADE&#8221;.<\/span><\/h3>\n<\/p>\n<p>Este artigo foi extra\u00eddo do livro tamb\u00e9m dispon\u00edvel neste site:<\/p>\n<p><blockquote class=\"wp-embedded-content\" data-secret=\"ysRzE58Rpi\"><a href=\"https:\/\/www.yvar-bregeant.com\/le-dechiffrage-du-language-des-cavernes\/\">Le d\u00e9chiffrage du language des cavernes<\/a><\/blockquote><iframe class=\"wp-embedded-content\" sandbox=\"allow-scripts\" security=\"restricted\" style=\"position: absolute; clip: rect(1px, 1px, 1px, 1px);\" title=\"\u00ab\u00a0Le d\u00e9chiffrage du language des cavernes\u00a0\u00bb &#8212; Yvar Bregeant\" src=\"https:\/\/www.yvar-bregeant.com\/le-dechiffrage-du-language-des-cavernes\/embed\/#?secret=GeZP6qV5OQ#?secret=ysRzE58Rpi\" data-secret=\"ysRzE58Rpi\" width=\"600\" height=\"338\" frameborder=\"0\" marginwidth=\"0\" marginheight=\"0\" scrolling=\"no\"><\/iframe><\/p>\n<p>Voc\u00ea tamb\u00e9m pode encontrar esse livro na se\u00e7\u00e3o :<\/p>\n<p><blockquote class=\"wp-embedded-content\" data-secret=\"V5JhSqKOhZ\"><a href=\"https:\/\/www.yvar-bregeant.com\/les-livres-deja-parus\/\">Livros j\u00e1 publicados<\/a><\/blockquote><iframe class=\"wp-embedded-content\" sandbox=\"allow-scripts\" security=\"restricted\" style=\"position: absolute; clip: rect(1px, 1px, 1px, 1px);\" title=\"\u00ab\u00a0Livros j\u00e1 publicados\u00a0\u00bb &#8212; Yvar Bregeant\" src=\"https:\/\/www.yvar-bregeant.com\/les-livres-deja-parus\/embed\/#?secret=Wzij5EdgnE#?secret=V5JhSqKOhZ\" data-secret=\"V5JhSqKOhZ\" width=\"600\" height=\"338\" frameborder=\"0\" marginwidth=\"0\" marginheight=\"0\" scrolling=\"no\"><\/iframe><\/p>\n<p>Para saber por que este livro faz parte da s\u00e9rie liter\u00e1ria The True Story of the Religions of Mankind (A verdadeira hist\u00f3ria das religi\u00f5es da humanidade), v\u00e1 para a p\u00e1gina :<\/p>\n<p><blockquote class=\"wp-embedded-content\" data-secret=\"cnhkWJVwFx\"><a href=\"https:\/\/www.yvar-bregeant.com\/les-livres-serie\/\">Introdu\u00e7\u00e3o \/ Estrutura e conte\u00fado<\/a><\/blockquote><iframe class=\"wp-embedded-content\" sandbox=\"allow-scripts\" security=\"restricted\" style=\"position: absolute; clip: rect(1px, 1px, 1px, 1px);\" title=\"\u00ab\u00a0Introdu\u00e7\u00e3o \/ Estrutura e conte\u00fado\u00a0\u00bb &#8212; Yvar Bregeant\" src=\"https:\/\/www.yvar-bregeant.com\/les-livres-serie\/embed\/#?secret=iQiipZB1Xx#?secret=cnhkWJVwFx\" data-secret=\"cnhkWJVwFx\" width=\"600\" height=\"338\" frameborder=\"0\" marginwidth=\"0\" marginheight=\"0\" scrolling=\"no\"><\/iframe><\/p>\n<p>Espero que voc\u00ea goste de ler este artigo, que disponibilizo na \u00edntegra abaixo:<\/p>\n\t\t\t\t\t\t\t\t<\/div>\n\t\t\t\t<\/div>\n\t\t\t\t\t<\/div>\n\t\t\t\t<\/div>\n\t\t<div class=\"elementor-element elementor-element-d5bbd85 e-flex e-con-boxed e-con e-parent\" data-id=\"d5bbd85\" data-element_type=\"container\" data-e-type=\"container\">\n\t\t\t\t\t<div class=\"e-con-inner\">\n\t\t\t\t<div class=\"elementor-element elementor-element-8300178 elementor-widget elementor-widget-text-editor\" data-id=\"8300178\" data-element_type=\"widget\" data-e-type=\"widget\" data-widget_type=\"text-editor.default\">\n\t\t\t\t<div class=\"elementor-widget-container\">\n\t\t\t\t\t\t\t\t\t<p>Lorem ipsum dolor sit amet, consectetur adipiscing elit. Ut elit tellus, luctus nec ullamcorper mattis, pulvinar dapibus leo.<\/p>\t\t\t\t\t\t\t\t<\/div>\n\t\t\t\t<\/div>\n\t\t\t\t\t<\/div>\n\t\t\t\t<\/div>\n\t\t<div class=\"elementor-element elementor-element-ad1b471 e-flex e-con-boxed e-con e-parent\" data-id=\"ad1b471\" data-element_type=\"container\" data-e-type=\"container\">\n\t\t\t\t\t<div class=\"e-con-inner\">\n\t\t\t\t<div class=\"elementor-element elementor-element-a52b268 elementor-widget elementor-widget-text-editor\" data-id=\"a52b268\" data-element_type=\"widget\" data-e-type=\"widget\" data-widget_type=\"text-editor.default\">\n\t\t\t\t<div class=\"elementor-widget-container\">\n\t\t\t\t\t\t\t\t\t<h2><span style=\"color: #000000;\">BIBLIOGRAFIA <\/span><\/h2>\n<\/p>\n<h3><span style=\"color: #000000;\">Proto-sumeriana : <\/span><\/h3>\n<p>CNIL. Full list of proto-cuneiform signs<\/p>\n<p>&amp; Falkenstein, A. (1936). Archaische Texte aus Uruk. <a href=\"https:\/\/www.cdli.ox.ac.uk\/wiki\/doku.php?id=late_uruk_period\" target=\"_blank\" rel=\"noopener\">https:\/\/www.cdli.ox.ac.uk\/wiki\/doku.php?id=late_uruk_period<\/a> :<\/p>\n<h3><span style=\"color: #000000;\">Sum\u00e9rio : <\/span><\/h3>\n<p>A.Halloran, J. [1999]. Lexique Sum\u00e9rien 3.0.<\/p>\n<h3><span style=\"color: #000000;\">Herogl\u00edfico :<\/span><\/h3>\n<p>Faulkner. [r\u00e9ed .2017]. Concise dictionary of Middle Egyptian.<\/p>\n<p><a href=\"https:\/\/www.hierogl.ch\/hiero\/Accueil\" target=\"_blank\" rel=\"noopener\">Hiero (hierogl.ch)<\/a> (Hiero &#8211; Pierre Besson)<\/p>\n<h3><span style=\"color: #000000;\">Idioma dem\u00f3tico : <\/span><\/h3>\n<p> <a href=\"https:\/\/isac.uchicago.edu\/research\/publications\/chicago-demotic-dictionary\" target=\"_blank\" rel=\"noopener\">The Demotic Dictionary of the Institute for the Study of Ancient Cultures of the University of Chicago | Institute for the Study of Ancient Cultures (uchicago.edu)<\/a><\/p>\n<h3><span style=\"color: #000000;\">Hier\u00f3glifo hitita : <\/span><\/h3>\n<p><strong> <\/strong>Mnamon \/ Antiche scritture del Mediterraneo Guida critica alle risorse elettroniche \/ Luvio geroglifico &#8211; 1300 a.C. (ca.) &#8211; 600 a.C.<\/p>\n<p><a href=\"https:\/\/mnamon.sns.it\/index.php?page=Scrittura&amp;id=46\" target=\"_blank\" rel=\"noopener\">https:\/\/mnamon.sns.it\/index.php?page=Scrittura&amp;id=46<\/a><\/p>\n<p><a href=\"https:\/\/www.hethport.uni-wuerzburg.de\/luwglyph\/Signlist_2012.pdf\" target=\"_blank\" rel=\"noopener\">https:\/\/www.hethport.uni-wuerzburg.de\/luwglyph\/Signlist_2012.pdf<\/a><\/p>\n<h3><span style=\"color: #000000;\">Arqueologia :<\/span><\/h3>\n<p>Leroi-Gourhan, A. (1958). Le symbolisme des grands signes dans l\u2019art pari\u00e9tal pal\u00e9olithique. Bulletin de la Soci\u00e9t\u00e9 pr\u00e9historique fran\u00e7aise Ann\u00e9e 55-7-8 pp. 384-398.<\/p>\n<p>G.&amp; S Sauvet et Andr\u00e9 Wlodarczyk (1977) : Essai de s\u00e9miologie pr\u00e9historique (pour une th\u00e9orie des premiers signes de l\u2019homme). Bulletin de la soci\u00e9t\u00e9 pr\u00e9historique fran\u00e7aise \/ ann\u00e9e 1977 \/ E&amp;T 47-2 \/ p.545-558<\/p><\/p>\n\t\t\t\t\t\t\t\t<\/div>\n\t\t\t\t<\/div>\n\t\t\t\t\t<\/div>\n\t\t\t\t<\/div>\n\t\t<div class=\"elementor-element elementor-element-73cc09f e-flex e-con-boxed e-con e-parent\" data-id=\"73cc09f\" data-element_type=\"container\" data-e-type=\"container\">\n\t\t\t\t\t<div class=\"e-con-inner\">\n\t\t\t\t<div class=\"elementor-element elementor-element-1820f0b elementor-widget elementor-widget-text-editor\" data-id=\"1820f0b\" data-element_type=\"widget\" data-e-type=\"widget\" data-widget_type=\"text-editor.default\">\n\t\t\t\t<div class=\"elementor-widget-container\">\n\t\t\t\t\t\t\t\t\t<h2><span style=\"color: #000000;\">LEMBRETE DA LIGA\u00c7\u00c3O ENTRE ESTE ARTIGO E TODA A S\u00c9RIE LITER\u00c1RIA &#8220;A VERDADEIRA HIST\u00d3RIA DAS RELIGI\u00d5ES DA HUMANIDADE&#8221;.<\/span><\/h2>\n<\/p>\n<p>Este artigo foi extra\u00eddo do livro tamb\u00e9m dispon\u00edvel neste site:<\/p>\n<p><blockquote class=\"wp-embedded-content\" data-secret=\"ysRzE58Rpi\"><a href=\"https:\/\/www.yvar-bregeant.com\/le-dechiffrage-du-language-des-cavernes\/\">Le d\u00e9chiffrage du language des cavernes<\/a><\/blockquote><iframe class=\"wp-embedded-content\" sandbox=\"allow-scripts\" security=\"restricted\" style=\"position: absolute; clip: rect(1px, 1px, 1px, 1px);\" title=\"\u00ab\u00a0Le d\u00e9chiffrage du language des cavernes\u00a0\u00bb &#8212; Yvar Bregeant\" src=\"https:\/\/www.yvar-bregeant.com\/le-dechiffrage-du-language-des-cavernes\/embed\/#?secret=GeZP6qV5OQ#?secret=ysRzE58Rpi\" data-secret=\"ysRzE58Rpi\" width=\"600\" height=\"338\" frameborder=\"0\" marginwidth=\"0\" marginheight=\"0\" scrolling=\"no\"><\/iframe><\/p>\n<p>Voc\u00ea tamb\u00e9m pode encontrar esse livro na se\u00e7\u00e3o :<\/p>\n<p><blockquote class=\"wp-embedded-content\" data-secret=\"V5JhSqKOhZ\"><a href=\"https:\/\/www.yvar-bregeant.com\/les-livres-deja-parus\/\">Livros j\u00e1 publicados<\/a><\/blockquote><iframe class=\"wp-embedded-content\" sandbox=\"allow-scripts\" security=\"restricted\" style=\"position: absolute; clip: rect(1px, 1px, 1px, 1px);\" title=\"\u00ab\u00a0Livros j\u00e1 publicados\u00a0\u00bb &#8212; Yvar Bregeant\" src=\"https:\/\/www.yvar-bregeant.com\/les-livres-deja-parus\/embed\/#?secret=Wzij5EdgnE#?secret=V5JhSqKOhZ\" data-secret=\"V5JhSqKOhZ\" width=\"600\" height=\"338\" frameborder=\"0\" marginwidth=\"0\" marginheight=\"0\" scrolling=\"no\"><\/iframe><\/p>\n<p>Para saber por que este livro faz parte da s\u00e9rie liter\u00e1ria The True Story of the Religions of Mankind (A verdadeira hist\u00f3ria das religi\u00f5es da humanidade), v\u00e1 para a p\u00e1gina :<\/p>\n<p><blockquote class=\"wp-embedded-content\" data-secret=\"cnhkWJVwFx\"><a href=\"https:\/\/www.yvar-bregeant.com\/les-livres-serie\/\">Introdu\u00e7\u00e3o \/ Estrutura e conte\u00fado<\/a><\/blockquote><iframe class=\"wp-embedded-content\" sandbox=\"allow-scripts\" security=\"restricted\" style=\"position: absolute; clip: rect(1px, 1px, 1px, 1px);\" title=\"\u00ab\u00a0Introdu\u00e7\u00e3o \/ Estrutura e conte\u00fado\u00a0\u00bb &#8212; Yvar Bregeant\" src=\"https:\/\/www.yvar-bregeant.com\/les-livres-serie\/embed\/#?secret=iQiipZB1Xx#?secret=cnhkWJVwFx\" data-secret=\"cnhkWJVwFx\" width=\"600\" height=\"338\" frameborder=\"0\" marginwidth=\"0\" marginheight=\"0\" scrolling=\"no\"><\/iframe><\/p>\n\t\t\t\t\t\t\t\t<\/div>\n\t\t\t\t<\/div>\n\t\t\t\t\t<\/div>\n\t\t\t\t<\/div>\n\t\t\t\t<\/div>\n\t\t","protected":false},"excerpt":{"rendered":"<p>OBJETIVO DESTE ARTIGO Este artigo decifrar\u00e1 a figura ideogr\u00e1fica no afresco do veado negro no divert\u00edculo axial da caverna de Lascaux. Essa decifra\u00e7\u00e3o foi realizada usando a linguagem ideogr\u00e1fica proto-sumeriana e seus idiomas associados, o sum\u00e9rio e o hier\u00f3glifo (bem como o dem\u00f3tico). Este artigo \u00e9 um dos dez exemplos de decifra\u00e7\u00e3o retirados do livro [&hellip;]<\/p>\n","protected":false},"author":4,"featured_media":47300,"comment_status":"closed","ping_status":"closed","sticky":false,"template":"","format":"standard","meta":{"footnotes":""},"categories":[37,12,278],"tags":[],"class_list":["post-21563","post","type-post","status-publish","format-standard","has-post-thumbnail","hentry","category-sem-categoria","category-volume-2","category-volume-2-a-biblia-da-vs-mitologia"],"yoast_head":"<!-- This site is optimized with the Yoast SEO plugin v27.5 - https:\/\/yoast.com\/product\/yoast-seo-wordpress\/ -->\n<title>Decifrando o afresco do veado preto no divert\u00edculo axial da caverna de Lascaux - Yvar Bregeant<\/title>\n<meta name=\"description\" content=\"Este artigo decifrar\u00e1 o afresco do cervo negro no divert\u00edculo axial da caverna de Lascaux, usando a linguagem ideogr\u00e1fica proto-sumeriana e suas l\u00ednguas associadas: sum\u00e9rio e hierogl\u00edfico (incluindo dem\u00f3tico).\" \/>\n<meta name=\"robots\" content=\"index, follow, max-snippet:-1, max-image-preview:large, max-video-preview:-1\" \/>\n<link rel=\"canonical\" href=\"https:\/\/www.yvar-bregeant.com\/pt-pt\/decifrando-o-afresco-do-veado-preto-no-diverticulo-axial-da-caverna-de-lascaux\/\" \/>\n<meta property=\"og:locale\" content=\"pt_PT\" \/>\n<meta property=\"og:type\" content=\"article\" \/>\n<meta property=\"og:title\" content=\"Decifrando o afresco do veado preto no divert\u00edculo axial da caverna de Lascaux - Yvar Bregeant\" \/>\n<meta property=\"og:description\" content=\"Este artigo decifrar\u00e1 o afresco do cervo negro no divert\u00edculo axial da caverna de Lascaux, usando a linguagem ideogr\u00e1fica proto-sumeriana e suas l\u00ednguas associadas: sum\u00e9rio e hierogl\u00edfico (incluindo dem\u00f3tico).\" \/>\n<meta property=\"og:url\" content=\"https:\/\/www.yvar-bregeant.com\/pt-pt\/decifrando-o-afresco-do-veado-preto-no-diverticulo-axial-da-caverna-de-lascaux\/\" \/>\n<meta property=\"og:site_name\" content=\"Yvar Bregeant\" \/>\n<meta property=\"article:publisher\" content=\"https:\/\/www.facebook.com\/profile.php?id=61553731625098\" \/>\n<meta property=\"article:published_time\" content=\"2024-04-27T16:22:30+00:00\" \/>\n<meta property=\"article:modified_time\" content=\"2026-02-14T13:34:54+00:00\" \/>\n<meta property=\"og:image\" content=\"https:\/\/www.yvar-bregeant.com\/wp-content\/uploads\/2024\/04\/Image1-3.png\" \/>\n\t<meta property=\"og:image:width\" content=\"291\" \/>\n\t<meta property=\"og:image:height\" content=\"264\" \/>\n\t<meta property=\"og:image:type\" content=\"image\/png\" \/>\n<meta name=\"author\" content=\"Yvar Bregeant\" \/>\n<meta name=\"twitter:card\" content=\"summary_large_image\" \/>\n<meta name=\"twitter:label1\" content=\"Escrito por\" \/>\n\t<meta name=\"twitter:data1\" content=\"Yvar Bregeant\" \/>\n\t<meta name=\"twitter:label2\" content=\"Tempo estimado de leitura\" \/>\n\t<meta name=\"twitter:data2\" content=\"3 minutos\" \/>\n<script type=\"application\/ld+json\" class=\"yoast-schema-graph\">{\"@context\":\"https:\\\/\\\/schema.org\",\"@graph\":[{\"@type\":\"Article\",\"@id\":\"https:\\\/\\\/www.yvar-bregeant.com\\\/pt-pt\\\/decifrando-o-afresco-do-veado-preto-no-diverticulo-axial-da-caverna-de-lascaux\\\/#article\",\"isPartOf\":{\"@id\":\"https:\\\/\\\/www.yvar-bregeant.com\\\/pt-pt\\\/decifrando-o-afresco-do-veado-preto-no-diverticulo-axial-da-caverna-de-lascaux\\\/\"},\"author\":{\"name\":\"Yvar Bregeant\",\"@id\":\"https:\\\/\\\/www.yvar-bregeant.com\\\/pt-pt\\\/#\\\/schema\\\/person\\\/bacd6c5e1cff8e0c8ab45adc2efc6b85\"},\"headline\":\"Decifrando o afresco do veado preto no divert\u00edculo axial da caverna de Lascaux\",\"datePublished\":\"2024-04-27T16:22:30+00:00\",\"dateModified\":\"2026-02-14T13:34:54+00:00\",\"mainEntityOfPage\":{\"@id\":\"https:\\\/\\\/www.yvar-bregeant.com\\\/pt-pt\\\/decifrando-o-afresco-do-veado-preto-no-diverticulo-axial-da-caverna-de-lascaux\\\/\"},\"wordCount\":548,\"publisher\":{\"@id\":\"https:\\\/\\\/www.yvar-bregeant.com\\\/pt-pt\\\/#organization\"},\"image\":{\"@id\":\"https:\\\/\\\/www.yvar-bregeant.com\\\/pt-pt\\\/decifrando-o-afresco-do-veado-preto-no-diverticulo-axial-da-caverna-de-lascaux\\\/#primaryimage\"},\"thumbnailUrl\":\"https:\\\/\\\/www.yvar-bregeant.com\\\/wp-content\\\/uploads\\\/2024\\\/04\\\/Image-cerf-noir-de-lascaux-avec-titre-avec-cadre-large.png\",\"articleSection\":{\"1\":\"Volume 2 : La Bible de \\\/ vs la mythologie\",\"2\":\"Volume 2: A B\u00edblia da \\\/ vs. mitologia\"},\"inLanguage\":\"pt-PT\"},{\"@type\":\"WebPage\",\"@id\":\"https:\\\/\\\/www.yvar-bregeant.com\\\/pt-pt\\\/decifrando-o-afresco-do-veado-preto-no-diverticulo-axial-da-caverna-de-lascaux\\\/\",\"url\":\"https:\\\/\\\/www.yvar-bregeant.com\\\/pt-pt\\\/decifrando-o-afresco-do-veado-preto-no-diverticulo-axial-da-caverna-de-lascaux\\\/\",\"name\":\"Decifrando o afresco do veado preto no divert\u00edculo axial da caverna de Lascaux - Yvar Bregeant\",\"isPartOf\":{\"@id\":\"https:\\\/\\\/www.yvar-bregeant.com\\\/pt-pt\\\/#website\"},\"primaryImageOfPage\":{\"@id\":\"https:\\\/\\\/www.yvar-bregeant.com\\\/pt-pt\\\/decifrando-o-afresco-do-veado-preto-no-diverticulo-axial-da-caverna-de-lascaux\\\/#primaryimage\"},\"image\":{\"@id\":\"https:\\\/\\\/www.yvar-bregeant.com\\\/pt-pt\\\/decifrando-o-afresco-do-veado-preto-no-diverticulo-axial-da-caverna-de-lascaux\\\/#primaryimage\"},\"thumbnailUrl\":\"https:\\\/\\\/www.yvar-bregeant.com\\\/wp-content\\\/uploads\\\/2024\\\/04\\\/Image-cerf-noir-de-lascaux-avec-titre-avec-cadre-large.png\",\"datePublished\":\"2024-04-27T16:22:30+00:00\",\"dateModified\":\"2026-02-14T13:34:54+00:00\",\"description\":\"Este artigo decifrar\u00e1 o afresco do cervo negro no divert\u00edculo axial da caverna de Lascaux, usando a linguagem ideogr\u00e1fica proto-sumeriana e suas l\u00ednguas associadas: sum\u00e9rio e hierogl\u00edfico (incluindo dem\u00f3tico).\",\"breadcrumb\":{\"@id\":\"https:\\\/\\\/www.yvar-bregeant.com\\\/pt-pt\\\/decifrando-o-afresco-do-veado-preto-no-diverticulo-axial-da-caverna-de-lascaux\\\/#breadcrumb\"},\"inLanguage\":\"pt-PT\",\"potentialAction\":[{\"@type\":\"ReadAction\",\"target\":[\"https:\\\/\\\/www.yvar-bregeant.com\\\/pt-pt\\\/decifrando-o-afresco-do-veado-preto-no-diverticulo-axial-da-caverna-de-lascaux\\\/\"]}]},{\"@type\":\"ImageObject\",\"inLanguage\":\"pt-PT\",\"@id\":\"https:\\\/\\\/www.yvar-bregeant.com\\\/pt-pt\\\/decifrando-o-afresco-do-veado-preto-no-diverticulo-axial-da-caverna-de-lascaux\\\/#primaryimage\",\"url\":\"https:\\\/\\\/www.yvar-bregeant.com\\\/wp-content\\\/uploads\\\/2024\\\/04\\\/Image-cerf-noir-de-lascaux-avec-titre-avec-cadre-large.png\",\"contentUrl\":\"https:\\\/\\\/www.yvar-bregeant.com\\\/wp-content\\\/uploads\\\/2024\\\/04\\\/Image-cerf-noir-de-lascaux-avec-titre-avec-cadre-large.png\",\"width\":1080,\"height\":1080},{\"@type\":\"BreadcrumbList\",\"@id\":\"https:\\\/\\\/www.yvar-bregeant.com\\\/pt-pt\\\/decifrando-o-afresco-do-veado-preto-no-diverticulo-axial-da-caverna-de-lascaux\\\/#breadcrumb\",\"itemListElement\":[{\"@type\":\"ListItem\",\"position\":1,\"name\":\"Accueil\",\"item\":\"https:\\\/\\\/www.yvar-bregeant.com\\\/pt-pt\\\/\"},{\"@type\":\"ListItem\",\"position\":2,\"name\":\"Decifrando o afresco do veado preto no divert\u00edculo axial da caverna de Lascaux\"}]},{\"@type\":\"WebSite\",\"@id\":\"https:\\\/\\\/www.yvar-bregeant.com\\\/pt-pt\\\/#website\",\"url\":\"https:\\\/\\\/www.yvar-bregeant.com\\\/pt-pt\\\/\",\"name\":\"Yvar Bregeant\",\"description\":\"\",\"publisher\":{\"@id\":\"https:\\\/\\\/www.yvar-bregeant.com\\\/pt-pt\\\/#organization\"},\"potentialAction\":[{\"@type\":\"SearchAction\",\"target\":{\"@type\":\"EntryPoint\",\"urlTemplate\":\"https:\\\/\\\/www.yvar-bregeant.com\\\/pt-pt\\\/?s={search_term_string}\"},\"query-input\":{\"@type\":\"PropertyValueSpecification\",\"valueRequired\":true,\"valueName\":\"search_term_string\"}}],\"inLanguage\":\"pt-PT\"},{\"@type\":\"Organization\",\"@id\":\"https:\\\/\\\/www.yvar-bregeant.com\\\/pt-pt\\\/#organization\",\"name\":\"Yvar Bregeant\",\"url\":\"https:\\\/\\\/www.yvar-bregeant.com\\\/pt-pt\\\/\",\"logo\":{\"@type\":\"ImageObject\",\"inLanguage\":\"pt-PT\",\"@id\":\"https:\\\/\\\/www.yvar-bregeant.com\\\/pt-pt\\\/#\\\/schema\\\/logo\\\/image\\\/\",\"url\":\"https:\\\/\\\/www.yvar-bregeant.com\\\/wp-content\\\/uploads\\\/2023\\\/12\\\/Logo-de-presentation-onglet-structuration-russe.jpg\",\"contentUrl\":\"https:\\\/\\\/www.yvar-bregeant.com\\\/wp-content\\\/uploads\\\/2023\\\/12\\\/Logo-de-presentation-onglet-structuration-russe.jpg\",\"width\":612,\"height\":586,\"caption\":\"Yvar Bregeant\"},\"image\":{\"@id\":\"https:\\\/\\\/www.yvar-bregeant.com\\\/pt-pt\\\/#\\\/schema\\\/logo\\\/image\\\/\"},\"sameAs\":[\"https:\\\/\\\/www.facebook.com\\\/profile.php?id=61553731625098\"]},{\"@type\":\"Person\",\"@id\":\"https:\\\/\\\/www.yvar-bregeant.com\\\/pt-pt\\\/#\\\/schema\\\/person\\\/bacd6c5e1cff8e0c8ab45adc2efc6b85\",\"name\":\"Yvar Bregeant\",\"url\":\"https:\\\/\\\/www.yvar-bregeant.com\\\/pt-pt\\\/author\\\/yvar-bregeant\\\/\"}]}<\/script>\n<!-- \/ Yoast SEO plugin. -->","yoast_head_json":{"title":"Decifrando o afresco do veado preto no divert\u00edculo axial da caverna de Lascaux - Yvar Bregeant","description":"Este artigo decifrar\u00e1 o afresco do cervo negro no divert\u00edculo axial da caverna de Lascaux, usando a linguagem ideogr\u00e1fica proto-sumeriana e suas l\u00ednguas associadas: sum\u00e9rio e hierogl\u00edfico (incluindo dem\u00f3tico).","robots":{"index":"index","follow":"follow","max-snippet":"max-snippet:-1","max-image-preview":"max-image-preview:large","max-video-preview":"max-video-preview:-1"},"canonical":"https:\/\/www.yvar-bregeant.com\/pt-pt\/decifrando-o-afresco-do-veado-preto-no-diverticulo-axial-da-caverna-de-lascaux\/","og_locale":"pt_PT","og_type":"article","og_title":"Decifrando o afresco do veado preto no divert\u00edculo axial da caverna de Lascaux - Yvar Bregeant","og_description":"Este artigo decifrar\u00e1 o afresco do cervo negro no divert\u00edculo axial da caverna de Lascaux, usando a linguagem ideogr\u00e1fica proto-sumeriana e suas l\u00ednguas associadas: sum\u00e9rio e hierogl\u00edfico (incluindo dem\u00f3tico).","og_url":"https:\/\/www.yvar-bregeant.com\/pt-pt\/decifrando-o-afresco-do-veado-preto-no-diverticulo-axial-da-caverna-de-lascaux\/","og_site_name":"Yvar Bregeant","article_publisher":"https:\/\/www.facebook.com\/profile.php?id=61553731625098","article_published_time":"2024-04-27T16:22:30+00:00","article_modified_time":"2026-02-14T13:34:54+00:00","og_image":[{"width":291,"height":264,"url":"https:\/\/www.yvar-bregeant.com\/wp-content\/uploads\/2024\/04\/Image1-3.png","type":"image\/png"}],"author":"Yvar Bregeant","twitter_card":"summary_large_image","twitter_misc":{"Escrito por":"Yvar Bregeant","Tempo estimado de leitura":"3 minutos"},"schema":{"@context":"https:\/\/schema.org","@graph":[{"@type":"Article","@id":"https:\/\/www.yvar-bregeant.com\/pt-pt\/decifrando-o-afresco-do-veado-preto-no-diverticulo-axial-da-caverna-de-lascaux\/#article","isPartOf":{"@id":"https:\/\/www.yvar-bregeant.com\/pt-pt\/decifrando-o-afresco-do-veado-preto-no-diverticulo-axial-da-caverna-de-lascaux\/"},"author":{"name":"Yvar Bregeant","@id":"https:\/\/www.yvar-bregeant.com\/pt-pt\/#\/schema\/person\/bacd6c5e1cff8e0c8ab45adc2efc6b85"},"headline":"Decifrando o afresco do veado preto no divert\u00edculo axial da caverna de Lascaux","datePublished":"2024-04-27T16:22:30+00:00","dateModified":"2026-02-14T13:34:54+00:00","mainEntityOfPage":{"@id":"https:\/\/www.yvar-bregeant.com\/pt-pt\/decifrando-o-afresco-do-veado-preto-no-diverticulo-axial-da-caverna-de-lascaux\/"},"wordCount":548,"publisher":{"@id":"https:\/\/www.yvar-bregeant.com\/pt-pt\/#organization"},"image":{"@id":"https:\/\/www.yvar-bregeant.com\/pt-pt\/decifrando-o-afresco-do-veado-preto-no-diverticulo-axial-da-caverna-de-lascaux\/#primaryimage"},"thumbnailUrl":"https:\/\/www.yvar-bregeant.com\/wp-content\/uploads\/2024\/04\/Image-cerf-noir-de-lascaux-avec-titre-avec-cadre-large.png","articleSection":{"1":"Volume 2 : La Bible de \/ vs la mythologie","2":"Volume 2: A B\u00edblia da \/ vs. mitologia"},"inLanguage":"pt-PT"},{"@type":"WebPage","@id":"https:\/\/www.yvar-bregeant.com\/pt-pt\/decifrando-o-afresco-do-veado-preto-no-diverticulo-axial-da-caverna-de-lascaux\/","url":"https:\/\/www.yvar-bregeant.com\/pt-pt\/decifrando-o-afresco-do-veado-preto-no-diverticulo-axial-da-caverna-de-lascaux\/","name":"Decifrando o afresco do veado preto no divert\u00edculo axial da caverna de Lascaux - Yvar Bregeant","isPartOf":{"@id":"https:\/\/www.yvar-bregeant.com\/pt-pt\/#website"},"primaryImageOfPage":{"@id":"https:\/\/www.yvar-bregeant.com\/pt-pt\/decifrando-o-afresco-do-veado-preto-no-diverticulo-axial-da-caverna-de-lascaux\/#primaryimage"},"image":{"@id":"https:\/\/www.yvar-bregeant.com\/pt-pt\/decifrando-o-afresco-do-veado-preto-no-diverticulo-axial-da-caverna-de-lascaux\/#primaryimage"},"thumbnailUrl":"https:\/\/www.yvar-bregeant.com\/wp-content\/uploads\/2024\/04\/Image-cerf-noir-de-lascaux-avec-titre-avec-cadre-large.png","datePublished":"2024-04-27T16:22:30+00:00","dateModified":"2026-02-14T13:34:54+00:00","description":"Este artigo decifrar\u00e1 o afresco do cervo negro no divert\u00edculo axial da caverna de Lascaux, usando a linguagem ideogr\u00e1fica proto-sumeriana e suas l\u00ednguas associadas: sum\u00e9rio e hierogl\u00edfico (incluindo dem\u00f3tico).","breadcrumb":{"@id":"https:\/\/www.yvar-bregeant.com\/pt-pt\/decifrando-o-afresco-do-veado-preto-no-diverticulo-axial-da-caverna-de-lascaux\/#breadcrumb"},"inLanguage":"pt-PT","potentialAction":[{"@type":"ReadAction","target":["https:\/\/www.yvar-bregeant.com\/pt-pt\/decifrando-o-afresco-do-veado-preto-no-diverticulo-axial-da-caverna-de-lascaux\/"]}]},{"@type":"ImageObject","inLanguage":"pt-PT","@id":"https:\/\/www.yvar-bregeant.com\/pt-pt\/decifrando-o-afresco-do-veado-preto-no-diverticulo-axial-da-caverna-de-lascaux\/#primaryimage","url":"https:\/\/www.yvar-bregeant.com\/wp-content\/uploads\/2024\/04\/Image-cerf-noir-de-lascaux-avec-titre-avec-cadre-large.png","contentUrl":"https:\/\/www.yvar-bregeant.com\/wp-content\/uploads\/2024\/04\/Image-cerf-noir-de-lascaux-avec-titre-avec-cadre-large.png","width":1080,"height":1080},{"@type":"BreadcrumbList","@id":"https:\/\/www.yvar-bregeant.com\/pt-pt\/decifrando-o-afresco-do-veado-preto-no-diverticulo-axial-da-caverna-de-lascaux\/#breadcrumb","itemListElement":[{"@type":"ListItem","position":1,"name":"Accueil","item":"https:\/\/www.yvar-bregeant.com\/pt-pt\/"},{"@type":"ListItem","position":2,"name":"Decifrando o afresco do veado preto no divert\u00edculo axial da caverna de Lascaux"}]},{"@type":"WebSite","@id":"https:\/\/www.yvar-bregeant.com\/pt-pt\/#website","url":"https:\/\/www.yvar-bregeant.com\/pt-pt\/","name":"Yvar Bregeant","description":"","publisher":{"@id":"https:\/\/www.yvar-bregeant.com\/pt-pt\/#organization"},"potentialAction":[{"@type":"SearchAction","target":{"@type":"EntryPoint","urlTemplate":"https:\/\/www.yvar-bregeant.com\/pt-pt\/?s={search_term_string}"},"query-input":{"@type":"PropertyValueSpecification","valueRequired":true,"valueName":"search_term_string"}}],"inLanguage":"pt-PT"},{"@type":"Organization","@id":"https:\/\/www.yvar-bregeant.com\/pt-pt\/#organization","name":"Yvar Bregeant","url":"https:\/\/www.yvar-bregeant.com\/pt-pt\/","logo":{"@type":"ImageObject","inLanguage":"pt-PT","@id":"https:\/\/www.yvar-bregeant.com\/pt-pt\/#\/schema\/logo\/image\/","url":"https:\/\/www.yvar-bregeant.com\/wp-content\/uploads\/2023\/12\/Logo-de-presentation-onglet-structuration-russe.jpg","contentUrl":"https:\/\/www.yvar-bregeant.com\/wp-content\/uploads\/2023\/12\/Logo-de-presentation-onglet-structuration-russe.jpg","width":612,"height":586,"caption":"Yvar Bregeant"},"image":{"@id":"https:\/\/www.yvar-bregeant.com\/pt-pt\/#\/schema\/logo\/image\/"},"sameAs":["https:\/\/www.facebook.com\/profile.php?id=61553731625098"]},{"@type":"Person","@id":"https:\/\/www.yvar-bregeant.com\/pt-pt\/#\/schema\/person\/bacd6c5e1cff8e0c8ab45adc2efc6b85","name":"Yvar Bregeant","url":"https:\/\/www.yvar-bregeant.com\/pt-pt\/author\/yvar-bregeant\/"}]}},"_links":{"self":[{"href":"https:\/\/www.yvar-bregeant.com\/pt-pt\/wp-json\/wp\/v2\/posts\/21563","targetHints":{"allow":["GET"]}}],"collection":[{"href":"https:\/\/www.yvar-bregeant.com\/pt-pt\/wp-json\/wp\/v2\/posts"}],"about":[{"href":"https:\/\/www.yvar-bregeant.com\/pt-pt\/wp-json\/wp\/v2\/types\/post"}],"author":[{"embeddable":true,"href":"https:\/\/www.yvar-bregeant.com\/pt-pt\/wp-json\/wp\/v2\/users\/4"}],"replies":[{"embeddable":true,"href":"https:\/\/www.yvar-bregeant.com\/pt-pt\/wp-json\/wp\/v2\/comments?post=21563"}],"version-history":[{"count":2,"href":"https:\/\/www.yvar-bregeant.com\/pt-pt\/wp-json\/wp\/v2\/posts\/21563\/revisions"}],"predecessor-version":[{"id":22276,"href":"https:\/\/www.yvar-bregeant.com\/pt-pt\/wp-json\/wp\/v2\/posts\/21563\/revisions\/22276"}],"wp:featuredmedia":[{"embeddable":true,"href":"https:\/\/www.yvar-bregeant.com\/pt-pt\/wp-json\/wp\/v2\/media\/47300"}],"wp:attachment":[{"href":"https:\/\/www.yvar-bregeant.com\/pt-pt\/wp-json\/wp\/v2\/media?parent=21563"}],"wp:term":[{"taxonomy":"category","embeddable":true,"href":"https:\/\/www.yvar-bregeant.com\/pt-pt\/wp-json\/wp\/v2\/categories?post=21563"},{"taxonomy":"post_tag","embeddable":true,"href":"https:\/\/www.yvar-bregeant.com\/pt-pt\/wp-json\/wp\/v2\/tags?post=21563"}],"curies":[{"name":"wp","href":"https:\/\/api.w.org\/{rel}","templated":true}]}}