{"id":15425,"date":"2024-01-28T18:37:00","date_gmt":"2024-01-28T17:37:00","guid":{"rendered":"https:\/\/www.yvar-bregeant.com\/?p=15425"},"modified":"2025-11-12T22:45:14","modified_gmt":"2025-11-12T21:45:14","slug":"guclu-kral-efendi-marsoulas-magarasindaki-ikinci-pettiform-isaretinin-anlami","status":"publish","type":"post","link":"https:\/\/www.yvar-bregeant.com\/tr\/guclu-kral-efendi-marsoulas-magarasindaki-ikinci-pettiform-isaretinin-anlami\/","title":{"rendered":"&#8220;G\u00dc\u00c7L\u00dc, KRAL, EFENDI\u0307&#8221;: MARSOULAS MA\u011eARASINDAKI\u0307 I\u0307KI\u0307NCI\u0307 PETTIFORM I\u0307\u015eARETI\u0307NI\u0307N ANLAMI"},"content":{"rendered":"\t\t<div data-elementor-type=\"wp-post\" data-elementor-id=\"15425\" class=\"elementor elementor-15425 elementor-15057\" data-elementor-post-type=\"post\">\n\t\t\t\t<div class=\"elementor-element elementor-element-5f74870 e-flex e-con-boxed e-con e-parent\" data-id=\"5f74870\" data-element_type=\"container\" data-e-type=\"container\">\n\t\t\t\t\t<div class=\"e-con-inner\">\n\t\t\t\t<div class=\"elementor-element elementor-element-82553e7 elementor-widget elementor-widget-text-editor\" data-id=\"82553e7\" data-element_type=\"widget\" data-e-type=\"widget\" data-widget_type=\"text-editor.default\">\n\t\t\t\t<div class=\"elementor-widget-container\">\n\t\t\t\t\t\t\t\t\t<h3><span style=\"color: #000000;\">BU MAKALENI\u0307N AMACI<\/span><\/h3>\n<\/p>\n<p><span style=\"color: #000000;\">Kitapta kaya dili (hayvanlar ve i\u015faretler) ile proto-S\u00fcmer ideografik dili aras\u0131ndaki m\u00fckemmel uyumun g\u00f6sterilmesinden sonra : <\/span><span style=\"color: #000000;\"> <\/span><\/p>\n<\/p>\n<h3><span style=\"color: #000000;\"><a href=\"https:\/\/www.yvar-bregeant.com\/volume-2-le-dechiffrage-du-langage-des-cavernes-la-reelle-histoire-de-lhumanite-et-de-dieu\/\" target=\"_blank\" rel=\"noopener\">ADAM (KISH, GIZEH), TAR\u0130H \u00d6NCES\u0130 B\u00dcY\u00dcK Pagan Tanr\u0131s\u0131 ya da ma\u011faralar\u0131n dilini \u00e7\u00f6zmek<\/a><br \/><\/span><\/h3>\n<\/p>\n<p><span style=\"color: #000000;\">Yine ayn\u0131 kitaptan al\u0131nan bu makale, Marsoulas ma\u011faras\u0131ndaki bir bo\u011fa freskinde yer alan ikinci pettiforme i\u015faretini de\u015fifre ederek bunu g\u00f6stermektedir.<\/span><\/p>\n<p><span style=\"color: #000000;\">Bu, kitapta aktar\u0131lan on de\u015fifre \u00f6rne\u011finden biridir ve tarih \u00f6ncesi dilin ve en arkaik tarihin, t\u0131pk\u0131 aktard\u0131klar\u0131 mitoloji gibi, bir ve ayn\u0131 oldu\u011funun bir ba\u015fka kan\u0131t\u0131d\u0131r.<\/span><\/p>\n<p><span style=\"color: #000000;\">Bu, arkeoloji d\u00fcnyas\u0131na hala hakim olan bilimsel teoriye ra\u011fmen, arkaik dilbilim ve kutsal sembolizm biliminden tamamen habersiz olan ve yine de k\u00f6rler aras\u0131nda k\u00f6r olarak bu fresklere verilecek anlam konusundaki tart\u0131\u015fmay\u0131 tekellerinde tutmaya devam eden bir ara\u015ft\u0131rmac\u0131lar korporatizmi taraf\u0131ndan yutulmu\u015ftur.<\/span><\/p>\n\t\t\t\t\t\t\t\t<\/div>\n\t\t\t\t<\/div>\n\t\t\t\t<div class=\"elementor-element elementor-element-68db019 elementor-widget-divider--view-line elementor-widget elementor-widget-divider\" data-id=\"68db019\" data-element_type=\"widget\" data-e-type=\"widget\" data-widget_type=\"divider.default\">\n\t\t\t\t<div class=\"elementor-widget-container\">\n\t\t\t\t\t\t\t<div class=\"elementor-divider\">\n\t\t\t<span class=\"elementor-divider-separator\">\n\t\t\t\t\t\t<\/span>\n\t\t<\/div>\n\t\t\t\t\t\t<\/div>\n\t\t\t\t<\/div>\n\t\t\t\t<div class=\"elementor-element elementor-element-bbffa24 elementor-toc--minimized-on-tablet elementor-widget elementor-widget-table-of-contents\" data-id=\"bbffa24\" data-element_type=\"widget\" data-e-type=\"widget\" data-settings=\"{&quot;exclude_headings_by_selector&quot;:[],&quot;headings_by_tags&quot;:[&quot;h2&quot;,&quot;h3&quot;,&quot;h4&quot;,&quot;h5&quot;,&quot;h6&quot;],&quot;marker_view&quot;:&quot;numbers&quot;,&quot;no_headings_message&quot;:&quot;No headings were found on this page.&quot;,&quot;minimize_box&quot;:&quot;yes&quot;,&quot;minimized_on&quot;:&quot;tablet&quot;,&quot;hierarchical_view&quot;:&quot;yes&quot;,&quot;min_height&quot;:{&quot;unit&quot;:&quot;px&quot;,&quot;size&quot;:&quot;&quot;,&quot;sizes&quot;:[]},&quot;min_height_tablet&quot;:{&quot;unit&quot;:&quot;px&quot;,&quot;size&quot;:&quot;&quot;,&quot;sizes&quot;:[]},&quot;min_height_mobile&quot;:{&quot;unit&quot;:&quot;px&quot;,&quot;size&quot;:&quot;&quot;,&quot;sizes&quot;:[]}}\" data-widget_type=\"table-of-contents.default\">\n\t\t\t\t<div class=\"elementor-widget-container\">\n\t\t\t\t\t\t\t\t\t<div class=\"elementor-toc__header\">\n\t\t\t\t\t\t<h6 class=\"elementor-toc__header-title\">\n\t\t\t\t\u0130\u00e7indekiler tablosu\t\t\t<\/h6>\n\t\t\t\t\t\t\t\t\t\t<div class=\"elementor-toc__toggle-button elementor-toc__toggle-button--expand\" role=\"button\" tabindex=\"0\" aria-controls=\"elementor-toc__bbffa24\" aria-expanded=\"true\" aria-label=\"Open table of contents\"><i aria-hidden=\"true\" class=\"fas fa-chevron-down\"><\/i><\/div>\n\t\t\t\t<div class=\"elementor-toc__toggle-button elementor-toc__toggle-button--collapse\" role=\"button\" tabindex=\"0\" aria-controls=\"elementor-toc__bbffa24\" aria-expanded=\"true\" aria-label=\"Close table of contents\"><i aria-hidden=\"true\" class=\"fas fa-chevron-up\"><\/i><\/div>\n\t\t\t\t\t<\/div>\n\t\t\t\t<div id=\"elementor-toc__bbffa24\" class=\"elementor-toc__body\">\n\t\t\t<div class=\"elementor-toc__spinner-container\">\n\t\t\t\t<i class=\"elementor-toc__spinner eicon-animation-spin eicon-loading\" aria-hidden=\"true\"><\/i>\t\t\t<\/div>\n\t\t<\/div>\n\t\t\t\t\t\t<\/div>\n\t\t\t\t<\/div>\n\t\t\t\t<div class=\"elementor-element elementor-element-a8e6531 elementor-widget-divider--view-line elementor-widget elementor-widget-divider\" data-id=\"a8e6531\" data-element_type=\"widget\" data-e-type=\"widget\" data-widget_type=\"divider.default\">\n\t\t\t\t<div class=\"elementor-widget-container\">\n\t\t\t\t\t\t\t<div class=\"elementor-divider\">\n\t\t\t<span class=\"elementor-divider-separator\">\n\t\t\t\t\t\t<\/span>\n\t\t<\/div>\n\t\t\t\t\t\t<\/div>\n\t\t\t\t<\/div>\n\t\t\t\t<div class=\"elementor-element elementor-element-1117efa elementor-widget elementor-widget-text-editor\" data-id=\"1117efa\" data-element_type=\"widget\" data-e-type=\"widget\" data-widget_type=\"text-editor.default\">\n\t\t\t\t<div class=\"elementor-widget-container\">\n\t\t\t\t\t\t\t\t\t<h3><span style=\"color: #000000;\">BU MAKALEYI\u0307 &#8220;I\u0307NSANLIK DI\u0307NLERI\u0307NI\u0307N GER\u00c7EK TARI\u0307HI\u0307&#8221; ADLI EDEBI\u0307 DI\u0307ZI\u0307NI\u0307N TAMAMIYLA I\u0307LI\u0307\u015eKI\u0307LENDI\u0307RI\u0307N.<\/span><\/h3>\n<\/p>\n<p>Bu makale, yine bu sitede bulunan Cilt 2, Kitap 1&#8217;den al\u0131nm\u0131\u015ft\u0131r:<\/p>\n<\/p>\n<h2><a href=\"https:\/\/www.yvar-bregeant.com\/volume-2-le-dechiffrage-du-langage-des-cavernes-la-reelle-histoire-de-lhumanite-et-de-dieu\/\" target=\"_blank\" rel=\"noopener\">ADAM (KISH, GIZEH), B\u00dcY\u00dcK TARIH \u00d6NCESI PAGAN TANRISI ya da ma\u011faralar\u0131n dilini \u00e7\u00f6zmek<\/a><\/h2>\n<\/p>\n<p>Bu kitab\u0131 ayr\u0131ca :<\/p>\n<\/p>\n<h3><a href=\"https:\/\/www.yvar-bregeant.com\/tr\/halihazirda-yayinlanmis-kitaplar\/\" target=\"_blank\" rel=\"noopener\">Halihaz\u0131rda yay\u0131nlanm\u0131\u015f kitaplar<\/a><\/h3>\n<\/p>\n<p>Bu kitab\u0131n neden \u0130nsanl\u0131k Dinlerinin Ger\u00e7ek Tarihi adl\u0131 edebi dizinin bir par\u00e7as\u0131 oldu\u011funu \u00f6\u011frenmek i\u00e7in \u015fu adrese gidin:<\/p>\n<\/p>\n<h3><a href=\"https:\/\/www.yvar-bregeant.com\/tr\/giris-yapi-ve-icerik\/\">Giri\u015f \/ Yap\u0131 ve i\u00e7erik<\/a><\/h3>\n<\/p>\n<p>Umar\u0131m tamam\u0131n\u0131 size sundu\u011fum bu makaleyi keyifle okursunuz.<\/p>\n\t\t\t\t\t\t\t\t<\/div>\n\t\t\t\t<\/div>\n\t\t\t\t<div class=\"elementor-element elementor-element-b7f2c1f elementor-widget-divider--view-line elementor-widget elementor-widget-divider\" data-id=\"b7f2c1f\" data-element_type=\"widget\" data-e-type=\"widget\" data-widget_type=\"divider.default\">\n\t\t\t\t<div class=\"elementor-widget-container\">\n\t\t\t\t\t\t\t<div class=\"elementor-divider\">\n\t\t\t<span class=\"elementor-divider-separator\">\n\t\t\t\t\t\t<\/span>\n\t\t<\/div>\n\t\t\t\t\t\t<\/div>\n\t\t\t\t<\/div>\n\t\t\t\t<div class=\"elementor-element elementor-element-bdb714e elementor-widget elementor-widget-text-editor\" data-id=\"bdb714e\" data-element_type=\"widget\" data-e-type=\"widget\" data-widget_type=\"text-editor.default\">\n\t\t\t\t<div class=\"elementor-widget-container\">\n\t\t\t\t\t\t\t\t\t<h2><span style=\"color: #000000;\">LE SYMBOLISME DE LA D\u00c9ESSE-MERE ACCROUPIE<\/span><\/h2><\/p>\n\t\t\t\t\t\t\t\t<\/div>\n\t\t\t\t<\/div>\n\t\t\t\t<div class=\"elementor-element elementor-element-4f2d9e5 elementor-widget-divider--view-line elementor-widget elementor-widget-divider\" data-id=\"4f2d9e5\" data-element_type=\"widget\" data-e-type=\"widget\" data-widget_type=\"divider.default\">\n\t\t\t\t<div class=\"elementor-widget-container\">\n\t\t\t\t\t\t\t<div class=\"elementor-divider\">\n\t\t\t<span class=\"elementor-divider-separator\">\n\t\t\t\t\t\t<\/span>\n\t\t<\/div>\n\t\t\t\t\t\t<\/div>\n\t\t\t\t<\/div>\n\t\t\t\t<div class=\"elementor-element elementor-element-a5b6139 elementor-widget elementor-widget-text-editor\" data-id=\"a5b6139\" data-element_type=\"widget\" data-e-type=\"widget\" data-widget_type=\"text-editor.default\">\n\t\t\t\t<div class=\"elementor-widget-container\">\n\t\t\t\t\t\t\t\t\t<h2><span style=\"color: #000000;\">B\u0130BL\u0130YOGRAFYA<\/span><\/h2>\n<\/p>\n<p>Her b\u00f6l\u00fcm i\u00e7in dipnotlara bak\u0131n\u0131z<\/p>\n\t\t\t\t\t\t\t\t<\/div>\n\t\t\t\t<\/div>\n\t\t\t\t<div class=\"elementor-element elementor-element-637045f elementor-widget-divider--view-line elementor-widget elementor-widget-divider\" data-id=\"637045f\" data-element_type=\"widget\" data-e-type=\"widget\" data-widget_type=\"divider.default\">\n\t\t\t\t<div class=\"elementor-widget-container\">\n\t\t\t\t\t\t\t<div class=\"elementor-divider\">\n\t\t\t<span class=\"elementor-divider-separator\">\n\t\t\t\t\t\t<\/span>\n\t\t<\/div>\n\t\t\t\t\t\t<\/div>\n\t\t\t\t<\/div>\n\t\t\t\t<div class=\"elementor-element elementor-element-cd9e2b0 elementor-widget elementor-widget-text-editor\" data-id=\"cd9e2b0\" data-element_type=\"widget\" data-e-type=\"widget\" data-widget_type=\"text-editor.default\">\n\t\t\t\t<div class=\"elementor-widget-container\">\n\t\t\t\t\t\t\t\t\t<h3><span style=\"color: #000000;\">BU MAKALE I\u0307LE &#8220;I\u0307NSANLIK DI\u0307NLERI\u0307NI\u0307N GER\u00c7EK TARI\u0307HI\u0307&#8221; ADLI EDEBI\u0307 DI\u0307ZI\u0307NI\u0307N TAMAMI ARASINDAKI\u0307 BA\u011eLANTIYI HATIRLATIR.<\/span><\/h3>\n<\/p>\n<p>Bu makale, yine bu sitede bulunan Cilt 2, Kitap 1&#8217;den al\u0131nm\u0131\u015ft\u0131r:<\/p>\n<\/p>\n<h2><a href=\"https:\/\/www.yvar-bregeant.com\/volume-2-le-dechiffrage-du-langage-des-cavernes-la-reelle-histoire-de-lhumanite-et-de-dieu\/\" target=\"_blank\" rel=\"noopener\">ADAM (KISH, GIZEH), B\u00dcY\u00dcK TARIH \u00d6NCESI PAGAN TANRISI ya da ma\u011faralar\u0131n dilini \u00e7\u00f6zmek<\/a><\/h2>\n<\/p>\n<p>Bu kitab\u0131 ayr\u0131ca :<\/p>\n<\/p>\n<h3><a href=\"https:\/\/www.yvar-bregeant.com\/tr\/halihazirda-yayinlanmis-kitaplar\/\" target=\"_blank\" rel=\"noopener\">Halihaz\u0131rda yay\u0131nlanm\u0131\u015f kitaplar<\/a><\/h3>\n<\/p>\n<p>Bu kitab\u0131n neden \u0130nsanl\u0131k Dinlerinin Ger\u00e7ek Tarihi adl\u0131 edebi dizinin bir par\u00e7as\u0131 oldu\u011funu \u00f6\u011frenmek i\u00e7in \u015fu adrese gidin:<\/p>\n<\/p>\n<h3><a href=\"https:\/\/www.yvar-bregeant.com\/tr\/giris-yapi-ve-icerik\/\">Giri\u015f \/ Yap\u0131 ve i\u00e7erik<\/a><\/h3><\/p>\n\t\t\t\t\t\t\t\t<\/div>\n\t\t\t\t<\/div>\n\t\t\t\t<div class=\"elementor-element elementor-element-eba0838 elementor-widget-divider--view-line elementor-widget elementor-widget-divider\" data-id=\"eba0838\" data-element_type=\"widget\" data-e-type=\"widget\" data-widget_type=\"divider.default\">\n\t\t\t\t<div class=\"elementor-widget-container\">\n\t\t\t\t\t\t\t<div class=\"elementor-divider\">\n\t\t\t<span class=\"elementor-divider-separator\">\n\t\t\t\t\t\t<\/span>\n\t\t<\/div>\n\t\t\t\t\t\t<\/div>\n\t\t\t\t<\/div>\n\t\t\t\t<div class=\"elementor-element elementor-element-888ee2d elementor-widget elementor-widget-text-editor\" data-id=\"888ee2d\" data-element_type=\"widget\" data-e-type=\"widget\" data-widget_type=\"text-editor.default\">\n\t\t\t\t<div class=\"elementor-widget-container\">\n\t\t\t\t\t\t\t\t\t<h2><span style=\"color: #000000;\">TELIF HAKKI HATIRLATMASI<\/span><\/h2>\n<\/p>\n<p>Bir hat\u0131rlatma olarak, bu kitap tescilli oldu\u011fu i\u00e7in <span style=\"color: #000000;\">l\u00fctfen telif haklar\u0131na sayg\u0131 g\u00f6sterin.<\/span><\/p>\n<p>\u00a9YVAR BREGEANT, 2023 T\u00fcm haklar\u0131 sakl\u0131d\u0131r<\/p>\n<p>Frans\u0131z Fikri M\u00fclkiyet Kanunu, toplu kullan\u0131m i\u00e7in kopyalamalar\u0131 veya \u00e7o\u011faltmalar\u0131 yasaklamaktad\u0131r.<\/p>\n<p>Eser sahibinin veya haleflerinin izni olmaks\u0131z\u0131n herhangi bir i\u015flemle tamamen veya k\u0131smen temsil edilmesi veya \u00e7o\u011falt\u0131lmas\u0131 yasa d\u0131\u015f\u0131d\u0131r ve Frans\u0131z Fikri M\u00fclkiyet Kanunu&#8217;nun L335-2 ve devam\u0131 maddeleri uyar\u0131nca cezaland\u0131r\u0131labilir bir ihlal te\u015fkil eder.<\/p>\n<p>Yazar\u0131n kitaplar\u0131n\u0131 eri\u015filebilir k\u0131lma politikas\u0131na ili\u015fkin b\u00f6l\u00fcm\u00fcn \u00fcst k\u0131sm\u0131ndaki a\u00e7\u0131klamaya bak\u0131n\u0131z: <a href=\"https:\/\/www.yvar-bregeant.com\/tr\/cevrimici-okuyun\/\">\u00c7evrimi\u00e7i okuyun<\/a><\/p>\n\t\t\t\t\t\t\t\t<\/div>\n\t\t\t\t<\/div>\n\t\t\t\t\t<\/div>\n\t\t\t\t<\/div>\n\t\t\t\t<\/div>\n\t\t","protected":false},"excerpt":{"rendered":"<p>ADAM (KISH, GIZEH), LE GRAND DIEU PA\u00cfEN PR\u00c9HISTORIQUE ou le d\u00e9chiffrage du langage des cavernes kitab\u0131nda ma\u011fara dili (hayvan ve i\u015faret \u00e7ifti) ile proto-S\u00fcmer ideografik dili aras\u0131ndaki m\u00fckemmel uyu\u015fman\u0131n g\u00f6sterilmesinden sonra<br \/>\nYine ayn\u0131 kitaptan al\u0131nan bu makale, Marsoulas ma\u011faras\u0131ndaki bir bo\u011fa freskinde yer alan ikinci pettiforme i\u015faretini de\u015fifre ederek bunu g\u00f6stermektedir.<\/p>\n<p>Bu, kitapta aktar\u0131lan on de\u015fifre \u00f6rne\u011finden biridir ve tarih \u00f6ncesi dilin ve en arkaik tarihin, t\u0131pk\u0131 aktard\u0131klar\u0131 mitoloji gibi, bir ve ayn\u0131 oldu\u011funun bir ba\u015fka kan\u0131t\u0131d\u0131r.<\/p>\n<p>Bu, arkeoloji d\u00fcnyas\u0131na hala hakim olan bilimsel teoriye ra\u011fmen, arkaik dilbilim ve kutsal sembolizm biliminden tamamen habersiz olan ve yine de k\u00f6rler aras\u0131nda k\u00f6r olarak bu fresklere verilecek anlam konusundaki tart\u0131\u015fmay\u0131 tekellerinde tutmaya devam eden bir ara\u015ft\u0131rmac\u0131lar korporatizmi taraf\u0131ndan yutulmu\u015ftur.<\/p>\n","protected":false},"author":4,"featured_media":46988,"comment_status":"closed","ping_status":"closed","sticky":false,"template":"","format":"standard","meta":{"footnotes":""},"categories":[280,1],"tags":[],"class_list":["post-15425","post","type-post","status-publish","format-standard","has-post-thumbnail","hentry","category-cilt-2-mitolojiye-karsi-incil","category-non-classifiee"],"yoast_head":"<!-- This site is optimized with the Yoast SEO plugin v27.5 - https:\/\/yoast.com\/product\/yoast-seo-wordpress\/ -->\n<title>&quot;G\u00dc\u00c7L\u00dc, KRAL, EFENDI\u0307&quot;: MARSOULAS MA\u011eARASINDAKI\u0307 I\u0307KI\u0307NCI\u0307 PETTIFORM I\u0307\u015eARETI\u0307NI\u0307N ANLAMI - Yvar Bregeant<\/title>\n<meta name=\"description\" content=\"Proto-S\u00fcmerce&#039;nin kaya diline kar\u015f\u0131l\u0131k geldi\u011fini g\u00f6stermek i\u00e7in, bu makale Marsoulas&#039;ta bir bo\u011fayla ili\u015fkilendirilen pettiformu de\u015fifre etmektedir.\" \/>\n<meta name=\"robots\" content=\"index, follow, max-snippet:-1, max-image-preview:large, max-video-preview:-1\" \/>\n<link rel=\"canonical\" href=\"https:\/\/www.yvar-bregeant.com\/tr\/guclu-kral-efendi-marsoulas-magarasindaki-ikinci-pettiform-isaretinin-anlami\/\" \/>\n<meta property=\"og:locale\" content=\"tr_TR\" \/>\n<meta property=\"og:type\" content=\"article\" \/>\n<meta property=\"og:title\" content=\"&quot;G\u00dc\u00c7L\u00dc, KRAL, EFENDI\u0307&quot;: MARSOULAS MA\u011eARASINDAKI\u0307 I\u0307KI\u0307NCI\u0307 PETTIFORM I\u0307\u015eARETI\u0307NI\u0307N ANLAMI - Yvar Bregeant\" \/>\n<meta property=\"og:description\" content=\"Proto-S\u00fcmerce&#039;nin kaya diline kar\u015f\u0131l\u0131k geldi\u011fini g\u00f6stermek i\u00e7in, bu makale Marsoulas&#039;ta bir bo\u011fayla ili\u015fkilendirilen pettiformu de\u015fifre etmektedir.\" \/>\n<meta property=\"og:url\" content=\"https:\/\/www.yvar-bregeant.com\/tr\/guclu-kral-efendi-marsoulas-magarasindaki-ikinci-pettiform-isaretinin-anlami\/\" \/>\n<meta property=\"og:site_name\" content=\"Yvar Bregeant\" \/>\n<meta property=\"article:publisher\" content=\"https:\/\/www.facebook.com\/profile.php?id=61553731625098\" \/>\n<meta property=\"article:published_time\" content=\"2024-01-28T17:37:00+00:00\" \/>\n<meta property=\"article:modified_time\" content=\"2025-11-12T21:45:14+00:00\" \/>\n<meta property=\"og:image\" content=\"https:\/\/www.yvar-bregeant.com\/wp-content\/uploads\/2024\/01\/Image12-1.png\" \/>\n\t<meta property=\"og:image:width\" content=\"138\" \/>\n\t<meta property=\"og:image:height\" content=\"116\" \/>\n\t<meta property=\"og:image:type\" content=\"image\/png\" \/>\n<meta name=\"author\" content=\"Yvar Bregeant\" \/>\n<meta name=\"twitter:card\" content=\"summary_large_image\" \/>\n<meta name=\"twitter:label1\" content=\"Yazan:\" \/>\n\t<meta name=\"twitter:data1\" content=\"Yvar Bregeant\" \/>\n\t<meta name=\"twitter:label2\" content=\"Tahmini okuma s\u00fcresi\" \/>\n\t<meta name=\"twitter:data2\" content=\"3 dakika\" \/>\n<script type=\"application\/ld+json\" class=\"yoast-schema-graph\">{\"@context\":\"https:\\\/\\\/schema.org\",\"@graph\":[{\"@type\":\"Article\",\"@id\":\"https:\\\/\\\/www.yvar-bregeant.com\\\/tr\\\/guclu-kral-efendi-marsoulas-magarasindaki-ikinci-pettiform-isaretinin-anlami\\\/#article\",\"isPartOf\":{\"@id\":\"https:\\\/\\\/www.yvar-bregeant.com\\\/tr\\\/guclu-kral-efendi-marsoulas-magarasindaki-ikinci-pettiform-isaretinin-anlami\\\/\"},\"author\":{\"name\":\"Yvar Bregeant\",\"@id\":\"https:\\\/\\\/www.yvar-bregeant.com\\\/tr\\\/#\\\/schema\\\/person\\\/bacd6c5e1cff8e0c8ab45adc2efc6b85\"},\"headline\":\"&#8220;G\u00dc\u00c7L\u00dc, KRAL, EFENDI\u0307&#8221;: MARSOULAS MA\u011eARASINDAKI\u0307 I\u0307KI\u0307NCI\u0307 PETTIFORM I\u0307\u015eARETI\u0307NI\u0307N ANLAMI\",\"datePublished\":\"2024-01-28T17:37:00+00:00\",\"dateModified\":\"2025-11-12T21:45:14+00:00\",\"mainEntityOfPage\":{\"@id\":\"https:\\\/\\\/www.yvar-bregeant.com\\\/tr\\\/guclu-kral-efendi-marsoulas-magarasindaki-ikinci-pettiform-isaretinin-anlami\\\/\"},\"wordCount\":517,\"publisher\":{\"@id\":\"https:\\\/\\\/www.yvar-bregeant.com\\\/tr\\\/#organization\"},\"image\":{\"@id\":\"https:\\\/\\\/www.yvar-bregeant.com\\\/tr\\\/guclu-kral-efendi-marsoulas-magarasindaki-ikinci-pettiform-isaretinin-anlami\\\/#primaryimage\"},\"thumbnailUrl\":\"https:\\\/\\\/www.yvar-bregeant.com\\\/wp-content\\\/uploads\\\/2024\\\/01\\\/Signe-Marsoulas-fig-200-VFF-image-reduite-pour-site.png\",\"articleSection\":[\"Cilt 2: Mitolojiye kar\u015f\u0131 \u0130ncil\",\"Non classifi\u00e9(e)\"],\"inLanguage\":\"tr\"},{\"@type\":\"WebPage\",\"@id\":\"https:\\\/\\\/www.yvar-bregeant.com\\\/tr\\\/guclu-kral-efendi-marsoulas-magarasindaki-ikinci-pettiform-isaretinin-anlami\\\/\",\"url\":\"https:\\\/\\\/www.yvar-bregeant.com\\\/tr\\\/guclu-kral-efendi-marsoulas-magarasindaki-ikinci-pettiform-isaretinin-anlami\\\/\",\"name\":\"\\\"G\u00dc\u00c7L\u00dc, KRAL, EFENDI\u0307\\\": MARSOULAS MA\u011eARASINDAKI\u0307 I\u0307KI\u0307NCI\u0307 PETTIFORM I\u0307\u015eARETI\u0307NI\u0307N ANLAMI - Yvar Bregeant\",\"isPartOf\":{\"@id\":\"https:\\\/\\\/www.yvar-bregeant.com\\\/tr\\\/#website\"},\"primaryImageOfPage\":{\"@id\":\"https:\\\/\\\/www.yvar-bregeant.com\\\/tr\\\/guclu-kral-efendi-marsoulas-magarasindaki-ikinci-pettiform-isaretinin-anlami\\\/#primaryimage\"},\"image\":{\"@id\":\"https:\\\/\\\/www.yvar-bregeant.com\\\/tr\\\/guclu-kral-efendi-marsoulas-magarasindaki-ikinci-pettiform-isaretinin-anlami\\\/#primaryimage\"},\"thumbnailUrl\":\"https:\\\/\\\/www.yvar-bregeant.com\\\/wp-content\\\/uploads\\\/2024\\\/01\\\/Signe-Marsoulas-fig-200-VFF-image-reduite-pour-site.png\",\"datePublished\":\"2024-01-28T17:37:00+00:00\",\"dateModified\":\"2025-11-12T21:45:14+00:00\",\"description\":\"Proto-S\u00fcmerce'nin kaya diline kar\u015f\u0131l\u0131k geldi\u011fini g\u00f6stermek i\u00e7in, bu makale Marsoulas'ta bir bo\u011fayla ili\u015fkilendirilen pettiformu de\u015fifre etmektedir.\",\"breadcrumb\":{\"@id\":\"https:\\\/\\\/www.yvar-bregeant.com\\\/tr\\\/guclu-kral-efendi-marsoulas-magarasindaki-ikinci-pettiform-isaretinin-anlami\\\/#breadcrumb\"},\"inLanguage\":\"tr\",\"potentialAction\":[{\"@type\":\"ReadAction\",\"target\":[\"https:\\\/\\\/www.yvar-bregeant.com\\\/tr\\\/guclu-kral-efendi-marsoulas-magarasindaki-ikinci-pettiform-isaretinin-anlami\\\/\"]}]},{\"@type\":\"ImageObject\",\"inLanguage\":\"tr\",\"@id\":\"https:\\\/\\\/www.yvar-bregeant.com\\\/tr\\\/guclu-kral-efendi-marsoulas-magarasindaki-ikinci-pettiform-isaretinin-anlami\\\/#primaryimage\",\"url\":\"https:\\\/\\\/www.yvar-bregeant.com\\\/wp-content\\\/uploads\\\/2024\\\/01\\\/Signe-Marsoulas-fig-200-VFF-image-reduite-pour-site.png\",\"contentUrl\":\"https:\\\/\\\/www.yvar-bregeant.com\\\/wp-content\\\/uploads\\\/2024\\\/01\\\/Signe-Marsoulas-fig-200-VFF-image-reduite-pour-site.png\",\"width\":1080,\"height\":1080},{\"@type\":\"BreadcrumbList\",\"@id\":\"https:\\\/\\\/www.yvar-bregeant.com\\\/tr\\\/guclu-kral-efendi-marsoulas-magarasindaki-ikinci-pettiform-isaretinin-anlami\\\/#breadcrumb\",\"itemListElement\":[{\"@type\":\"ListItem\",\"position\":1,\"name\":\"Accueil\",\"item\":\"https:\\\/\\\/www.yvar-bregeant.com\\\/tr\\\/\"},{\"@type\":\"ListItem\",\"position\":2,\"name\":\"\u00ab\u00a0G\u00dc\u00c7L\u00dc, KRAL, EFENDI\u0307\u00a0\u00bb: MARSOULAS MA\u011eARASINDAKI\u0307 I\u0307KI\u0307NCI\u0307 PETTIFORM I\u0307\u015eARETI\u0307NI\u0307N ANLAMI\"}]},{\"@type\":\"WebSite\",\"@id\":\"https:\\\/\\\/www.yvar-bregeant.com\\\/tr\\\/#website\",\"url\":\"https:\\\/\\\/www.yvar-bregeant.com\\\/tr\\\/\",\"name\":\"Yvar Bregeant\",\"description\":\"\",\"publisher\":{\"@id\":\"https:\\\/\\\/www.yvar-bregeant.com\\\/tr\\\/#organization\"},\"potentialAction\":[{\"@type\":\"SearchAction\",\"target\":{\"@type\":\"EntryPoint\",\"urlTemplate\":\"https:\\\/\\\/www.yvar-bregeant.com\\\/tr\\\/?s={search_term_string}\"},\"query-input\":{\"@type\":\"PropertyValueSpecification\",\"valueRequired\":true,\"valueName\":\"search_term_string\"}}],\"inLanguage\":\"tr\"},{\"@type\":\"Organization\",\"@id\":\"https:\\\/\\\/www.yvar-bregeant.com\\\/tr\\\/#organization\",\"name\":\"Yvar Bregeant\",\"url\":\"https:\\\/\\\/www.yvar-bregeant.com\\\/tr\\\/\",\"logo\":{\"@type\":\"ImageObject\",\"inLanguage\":\"tr\",\"@id\":\"https:\\\/\\\/www.yvar-bregeant.com\\\/tr\\\/#\\\/schema\\\/logo\\\/image\\\/\",\"url\":\"https:\\\/\\\/www.yvar-bregeant.com\\\/wp-content\\\/uploads\\\/2023\\\/12\\\/Logo-de-presentation-onglet-structuration-russe.jpg\",\"contentUrl\":\"https:\\\/\\\/www.yvar-bregeant.com\\\/wp-content\\\/uploads\\\/2023\\\/12\\\/Logo-de-presentation-onglet-structuration-russe.jpg\",\"width\":612,\"height\":586,\"caption\":\"Yvar Bregeant\"},\"image\":{\"@id\":\"https:\\\/\\\/www.yvar-bregeant.com\\\/tr\\\/#\\\/schema\\\/logo\\\/image\\\/\"},\"sameAs\":[\"https:\\\/\\\/www.facebook.com\\\/profile.php?id=61553731625098\"]},{\"@type\":\"Person\",\"@id\":\"https:\\\/\\\/www.yvar-bregeant.com\\\/tr\\\/#\\\/schema\\\/person\\\/bacd6c5e1cff8e0c8ab45adc2efc6b85\",\"name\":\"Yvar Bregeant\",\"url\":\"https:\\\/\\\/www.yvar-bregeant.com\\\/tr\\\/author\\\/yvar-bregeant\\\/\"}]}<\/script>\n<!-- \/ Yoast SEO plugin. -->","yoast_head_json":{"title":"\"G\u00dc\u00c7L\u00dc, KRAL, EFENDI\u0307\": MARSOULAS MA\u011eARASINDAKI\u0307 I\u0307KI\u0307NCI\u0307 PETTIFORM I\u0307\u015eARETI\u0307NI\u0307N ANLAMI - Yvar Bregeant","description":"Proto-S\u00fcmerce'nin kaya diline kar\u015f\u0131l\u0131k geldi\u011fini g\u00f6stermek i\u00e7in, bu makale Marsoulas'ta bir bo\u011fayla ili\u015fkilendirilen pettiformu de\u015fifre etmektedir.","robots":{"index":"index","follow":"follow","max-snippet":"max-snippet:-1","max-image-preview":"max-image-preview:large","max-video-preview":"max-video-preview:-1"},"canonical":"https:\/\/www.yvar-bregeant.com\/tr\/guclu-kral-efendi-marsoulas-magarasindaki-ikinci-pettiform-isaretinin-anlami\/","og_locale":"tr_TR","og_type":"article","og_title":"\"G\u00dc\u00c7L\u00dc, KRAL, EFENDI\u0307\": MARSOULAS MA\u011eARASINDAKI\u0307 I\u0307KI\u0307NCI\u0307 PETTIFORM I\u0307\u015eARETI\u0307NI\u0307N ANLAMI - Yvar Bregeant","og_description":"Proto-S\u00fcmerce'nin kaya diline kar\u015f\u0131l\u0131k geldi\u011fini g\u00f6stermek i\u00e7in, bu makale Marsoulas'ta bir bo\u011fayla ili\u015fkilendirilen pettiformu de\u015fifre etmektedir.","og_url":"https:\/\/www.yvar-bregeant.com\/tr\/guclu-kral-efendi-marsoulas-magarasindaki-ikinci-pettiform-isaretinin-anlami\/","og_site_name":"Yvar Bregeant","article_publisher":"https:\/\/www.facebook.com\/profile.php?id=61553731625098","article_published_time":"2024-01-28T17:37:00+00:00","article_modified_time":"2025-11-12T21:45:14+00:00","og_image":[{"width":138,"height":116,"url":"https:\/\/www.yvar-bregeant.com\/wp-content\/uploads\/2024\/01\/Image12-1.png","type":"image\/png"}],"author":"Yvar Bregeant","twitter_card":"summary_large_image","twitter_misc":{"Yazan:":"Yvar Bregeant","Tahmini okuma s\u00fcresi":"3 dakika"},"schema":{"@context":"https:\/\/schema.org","@graph":[{"@type":"Article","@id":"https:\/\/www.yvar-bregeant.com\/tr\/guclu-kral-efendi-marsoulas-magarasindaki-ikinci-pettiform-isaretinin-anlami\/#article","isPartOf":{"@id":"https:\/\/www.yvar-bregeant.com\/tr\/guclu-kral-efendi-marsoulas-magarasindaki-ikinci-pettiform-isaretinin-anlami\/"},"author":{"name":"Yvar Bregeant","@id":"https:\/\/www.yvar-bregeant.com\/tr\/#\/schema\/person\/bacd6c5e1cff8e0c8ab45adc2efc6b85"},"headline":"&#8220;G\u00dc\u00c7L\u00dc, KRAL, EFENDI\u0307&#8221;: MARSOULAS MA\u011eARASINDAKI\u0307 I\u0307KI\u0307NCI\u0307 PETTIFORM I\u0307\u015eARETI\u0307NI\u0307N ANLAMI","datePublished":"2024-01-28T17:37:00+00:00","dateModified":"2025-11-12T21:45:14+00:00","mainEntityOfPage":{"@id":"https:\/\/www.yvar-bregeant.com\/tr\/guclu-kral-efendi-marsoulas-magarasindaki-ikinci-pettiform-isaretinin-anlami\/"},"wordCount":517,"publisher":{"@id":"https:\/\/www.yvar-bregeant.com\/tr\/#organization"},"image":{"@id":"https:\/\/www.yvar-bregeant.com\/tr\/guclu-kral-efendi-marsoulas-magarasindaki-ikinci-pettiform-isaretinin-anlami\/#primaryimage"},"thumbnailUrl":"https:\/\/www.yvar-bregeant.com\/wp-content\/uploads\/2024\/01\/Signe-Marsoulas-fig-200-VFF-image-reduite-pour-site.png","articleSection":["Cilt 2: Mitolojiye kar\u015f\u0131 \u0130ncil","Non classifi\u00e9(e)"],"inLanguage":"tr"},{"@type":"WebPage","@id":"https:\/\/www.yvar-bregeant.com\/tr\/guclu-kral-efendi-marsoulas-magarasindaki-ikinci-pettiform-isaretinin-anlami\/","url":"https:\/\/www.yvar-bregeant.com\/tr\/guclu-kral-efendi-marsoulas-magarasindaki-ikinci-pettiform-isaretinin-anlami\/","name":"\"G\u00dc\u00c7L\u00dc, KRAL, EFENDI\u0307\": MARSOULAS MA\u011eARASINDAKI\u0307 I\u0307KI\u0307NCI\u0307 PETTIFORM I\u0307\u015eARETI\u0307NI\u0307N ANLAMI - Yvar Bregeant","isPartOf":{"@id":"https:\/\/www.yvar-bregeant.com\/tr\/#website"},"primaryImageOfPage":{"@id":"https:\/\/www.yvar-bregeant.com\/tr\/guclu-kral-efendi-marsoulas-magarasindaki-ikinci-pettiform-isaretinin-anlami\/#primaryimage"},"image":{"@id":"https:\/\/www.yvar-bregeant.com\/tr\/guclu-kral-efendi-marsoulas-magarasindaki-ikinci-pettiform-isaretinin-anlami\/#primaryimage"},"thumbnailUrl":"https:\/\/www.yvar-bregeant.com\/wp-content\/uploads\/2024\/01\/Signe-Marsoulas-fig-200-VFF-image-reduite-pour-site.png","datePublished":"2024-01-28T17:37:00+00:00","dateModified":"2025-11-12T21:45:14+00:00","description":"Proto-S\u00fcmerce'nin kaya diline kar\u015f\u0131l\u0131k geldi\u011fini g\u00f6stermek i\u00e7in, bu makale Marsoulas'ta bir bo\u011fayla ili\u015fkilendirilen pettiformu de\u015fifre etmektedir.","breadcrumb":{"@id":"https:\/\/www.yvar-bregeant.com\/tr\/guclu-kral-efendi-marsoulas-magarasindaki-ikinci-pettiform-isaretinin-anlami\/#breadcrumb"},"inLanguage":"tr","potentialAction":[{"@type":"ReadAction","target":["https:\/\/www.yvar-bregeant.com\/tr\/guclu-kral-efendi-marsoulas-magarasindaki-ikinci-pettiform-isaretinin-anlami\/"]}]},{"@type":"ImageObject","inLanguage":"tr","@id":"https:\/\/www.yvar-bregeant.com\/tr\/guclu-kral-efendi-marsoulas-magarasindaki-ikinci-pettiform-isaretinin-anlami\/#primaryimage","url":"https:\/\/www.yvar-bregeant.com\/wp-content\/uploads\/2024\/01\/Signe-Marsoulas-fig-200-VFF-image-reduite-pour-site.png","contentUrl":"https:\/\/www.yvar-bregeant.com\/wp-content\/uploads\/2024\/01\/Signe-Marsoulas-fig-200-VFF-image-reduite-pour-site.png","width":1080,"height":1080},{"@type":"BreadcrumbList","@id":"https:\/\/www.yvar-bregeant.com\/tr\/guclu-kral-efendi-marsoulas-magarasindaki-ikinci-pettiform-isaretinin-anlami\/#breadcrumb","itemListElement":[{"@type":"ListItem","position":1,"name":"Accueil","item":"https:\/\/www.yvar-bregeant.com\/tr\/"},{"@type":"ListItem","position":2,"name":"\u00ab\u00a0G\u00dc\u00c7L\u00dc, KRAL, EFENDI\u0307\u00a0\u00bb: MARSOULAS MA\u011eARASINDAKI\u0307 I\u0307KI\u0307NCI\u0307 PETTIFORM I\u0307\u015eARETI\u0307NI\u0307N ANLAMI"}]},{"@type":"WebSite","@id":"https:\/\/www.yvar-bregeant.com\/tr\/#website","url":"https:\/\/www.yvar-bregeant.com\/tr\/","name":"Yvar Bregeant","description":"","publisher":{"@id":"https:\/\/www.yvar-bregeant.com\/tr\/#organization"},"potentialAction":[{"@type":"SearchAction","target":{"@type":"EntryPoint","urlTemplate":"https:\/\/www.yvar-bregeant.com\/tr\/?s={search_term_string}"},"query-input":{"@type":"PropertyValueSpecification","valueRequired":true,"valueName":"search_term_string"}}],"inLanguage":"tr"},{"@type":"Organization","@id":"https:\/\/www.yvar-bregeant.com\/tr\/#organization","name":"Yvar Bregeant","url":"https:\/\/www.yvar-bregeant.com\/tr\/","logo":{"@type":"ImageObject","inLanguage":"tr","@id":"https:\/\/www.yvar-bregeant.com\/tr\/#\/schema\/logo\/image\/","url":"https:\/\/www.yvar-bregeant.com\/wp-content\/uploads\/2023\/12\/Logo-de-presentation-onglet-structuration-russe.jpg","contentUrl":"https:\/\/www.yvar-bregeant.com\/wp-content\/uploads\/2023\/12\/Logo-de-presentation-onglet-structuration-russe.jpg","width":612,"height":586,"caption":"Yvar Bregeant"},"image":{"@id":"https:\/\/www.yvar-bregeant.com\/tr\/#\/schema\/logo\/image\/"},"sameAs":["https:\/\/www.facebook.com\/profile.php?id=61553731625098"]},{"@type":"Person","@id":"https:\/\/www.yvar-bregeant.com\/tr\/#\/schema\/person\/bacd6c5e1cff8e0c8ab45adc2efc6b85","name":"Yvar Bregeant","url":"https:\/\/www.yvar-bregeant.com\/tr\/author\/yvar-bregeant\/"}]}},"_links":{"self":[{"href":"https:\/\/www.yvar-bregeant.com\/tr\/wp-json\/wp\/v2\/posts\/15425","targetHints":{"allow":["GET"]}}],"collection":[{"href":"https:\/\/www.yvar-bregeant.com\/tr\/wp-json\/wp\/v2\/posts"}],"about":[{"href":"https:\/\/www.yvar-bregeant.com\/tr\/wp-json\/wp\/v2\/types\/post"}],"author":[{"embeddable":true,"href":"https:\/\/www.yvar-bregeant.com\/tr\/wp-json\/wp\/v2\/users\/4"}],"replies":[{"embeddable":true,"href":"https:\/\/www.yvar-bregeant.com\/tr\/wp-json\/wp\/v2\/comments?post=15425"}],"version-history":[{"count":1,"href":"https:\/\/www.yvar-bregeant.com\/tr\/wp-json\/wp\/v2\/posts\/15425\/revisions"}],"predecessor-version":[{"id":44448,"href":"https:\/\/www.yvar-bregeant.com\/tr\/wp-json\/wp\/v2\/posts\/15425\/revisions\/44448"}],"wp:featuredmedia":[{"embeddable":true,"href":"https:\/\/www.yvar-bregeant.com\/tr\/wp-json\/wp\/v2\/media\/46988"}],"wp:attachment":[{"href":"https:\/\/www.yvar-bregeant.com\/tr\/wp-json\/wp\/v2\/media?parent=15425"}],"wp:term":[{"taxonomy":"category","embeddable":true,"href":"https:\/\/www.yvar-bregeant.com\/tr\/wp-json\/wp\/v2\/categories?post=15425"},{"taxonomy":"post_tag","embeddable":true,"href":"https:\/\/www.yvar-bregeant.com\/tr\/wp-json\/wp\/v2\/tags?post=15425"}],"curies":[{"name":"wp","href":"https:\/\/api.w.org\/{rel}","templated":true}]}}